{"id":8799,"date":"2024-07-05T00:57:03","date_gmt":"2024-07-05T00:57:03","guid":{"rendered":"https:\/\/parqmag.com\/wp\/?p=8799"},"modified":"2024-07-05T17:15:31","modified_gmt":"2024-07-05T17:15:31","slug":"nos-alive-2024-programacao-completa","status":"publish","type":"post","link":"https:\/\/parqmag.com\/wp\/nos-alive-2024-programacao-completa\/","title":{"rendered":"Nos Alive 2024 : destaques"},"content":{"rendered":"\n<p><\/p>\n\n\n\n<p><strong>Texto por Hugo Pinto<\/strong><\/p>\n\n\n\n<p>O NOS ALIVE 2024 est\u00e1 a chegar. Com a divulga\u00e7\u00e3o dos hor\u00e1rios dos concertos, ficam as nossas sugest\u00f5es para que n\u00e3o percam nada! (<a href=\"https:\/\/nosalive.com\/nos_alive_cartaz\/\" data-type=\"link\" data-id=\"https:\/\/nosalive.com\/nos_alive_cartaz\/\">programa completo<\/a>)<\/p>\n\n\n\n<p><br><strong>11 Julho Quinta-Feira<\/strong><\/p>\n\n\n\n<figure class=\"wp-block-image size-large\"><img loading=\"lazy\" decoding=\"async\" width=\"823\" height=\"1024\" src=\"https:\/\/parqmag.com\/wp\/wp-content\/uploads\/2024\/07\/IMG_1794-823x1024.jpg\" alt=\"\" class=\"wp-image-8800\" srcset=\"https:\/\/parqmag.com\/wp\/wp-content\/uploads\/2024\/07\/IMG_1794-823x1024.jpg 823w, https:\/\/parqmag.com\/wp\/wp-content\/uploads\/2024\/07\/IMG_1794-241x300.jpg 241w, https:\/\/parqmag.com\/wp\/wp-content\/uploads\/2024\/07\/IMG_1794-768x955.jpg 768w, https:\/\/parqmag.com\/wp\/wp-content\/uploads\/2024\/07\/IMG_1794-480x597.jpg 480w, https:\/\/parqmag.com\/wp\/wp-content\/uploads\/2024\/07\/IMG_1794.jpg 828w\" sizes=\"auto, (max-width: 823px) 100vw, 823px\" \/><figcaption class=\"wp-element-caption\"><strong>Jessie Ware<\/strong><\/figcaption><\/figure>\n\n\n\n<div style=\"height:100px\" aria-hidden=\"true\" class=\"wp-block-spacer\"><\/div>\n\n\n\n<p>Come\u00e7a em alta a edi\u00e7\u00e3o de 2024 com muitos e bons concertos logo no primeiro dia. Um pouco antes das 18.00 os neo-zelandeses <strong>Unknown Mortal Orchestra<\/strong> abrem o <strong>palco Heineken<\/strong> com o seu<strong> indie rock<\/strong> descontra\u00eddo e muito cool. \u00c0s 19.20 h\u00e1 que espreitar o <strong>Conjunto Corona<\/strong>. O d\u00fao de David Bruno e Logos promete trazer a festa das bruxas a Alg\u00e9s e diz quem os viu ao vivo que eles nunca desiludem.<\/p>\n\n\n\n<p>\u00c0s 20.00 no palco principal <strong>Benjamin Clementine<\/strong> \u00e9 imperd\u00edvel! Numa actua\u00e7\u00e3o que promete ser m\u00e1gica haver\u00e1 jazz, soul, pop e tudo o mais. Eu vou ficar at\u00e9 ao fim de Clementine mas, caso n\u00e3o esteja a gostar, os <strong>Bateu Matou<\/strong> trazem o som Afrotuga \u00e0 <strong>tenda WTF Clubbing<\/strong> \u00e0s 20.50 e a festa vai ser animada.<\/p>\n\n\n\n<p>Entretanto h\u00e1 <strong>Smashing Pumpkins<\/strong> \u00e0s 21.50 no palco principal mas tamb\u00e9m h\u00e1 que jantar porque a noite promete ser longa. A pop dan\u00e7\u00e1vel dos<strong> Parcels<\/strong> tem dado que falar e n\u00f3s n\u00e3o os vamos querer perder. Estes simp\u00e1ticos australianos actuam \u00e0s 22.50 no palco Heineken.<\/p>\n\n\n\n<p>\u00c0 meia-noite os <strong>Arcade Fire<\/strong> est\u00e3o de volta. Haver\u00e1 quem ainda n\u00e3o os tenha visto?! S\u00e3o justificadamente as estrelas maiores do primeiro dia. Estes canadianos liderados por Win Butler nunca desiludem ao vivo e a noite promete ser memor\u00e1vel.<\/p>\n\n\n\n<p>Quando for 1.30 <strong>Jessie Ware<\/strong> promete fazer dan\u00e7ar toda a gente com a sua mistura de soul, funk e disco. As expectativas s\u00e3o t\u00e3o altas que at\u00e9 se justificaria uma actua\u00e7\u00e3o no palco principal mas ficou para a tenda Heineken. Depois disso j\u00e1 deve ser tarde para mim mas seria injusto n\u00e3o destacar a actua\u00e7\u00e3o em formato <strong>DJB2B<\/strong> da dupla tuga <strong>Moullinex e GPU Panic.<\/strong><\/p>\n\n\n\n<p><br><strong>12 Julho Sexta-Feira<\/strong><\/p>\n\n\n\n<figure class=\"wp-block-image size-large\"><img loading=\"lazy\" decoding=\"async\" width=\"811\" height=\"1024\" src=\"https:\/\/parqmag.com\/wp\/wp-content\/uploads\/2024\/07\/IMG_1797-811x1024.jpg\" alt=\"\" class=\"wp-image-8802\" srcset=\"https:\/\/parqmag.com\/wp\/wp-content\/uploads\/2024\/07\/IMG_1797-811x1024.jpg 811w, https:\/\/parqmag.com\/wp\/wp-content\/uploads\/2024\/07\/IMG_1797-238x300.jpg 238w, https:\/\/parqmag.com\/wp\/wp-content\/uploads\/2024\/07\/IMG_1797-768x969.jpg 768w, https:\/\/parqmag.com\/wp\/wp-content\/uploads\/2024\/07\/IMG_1797-480x606.jpg 480w, https:\/\/parqmag.com\/wp\/wp-content\/uploads\/2024\/07\/IMG_1797.jpg 813w\" sizes=\"auto, (max-width: 811px) 100vw, 811px\" \/><figcaption class=\"wp-element-caption\"><strong>Dua Lipa<\/strong><\/figcaption><\/figure>\n\n\n\n<p><br>Quem \u00e9 do rock, particularmente do rock americano com muito gospel e blues, n\u00e3o vai querer perder a energia dos <strong>The Heavy<\/strong> no palco Heineken \u00e0s 17.00. No pequeno mas animado palco Coreto, a rapper tuga <strong>BR!SA<\/strong> actua \u00e1s 19.00. Com rimas politicamente desafiantes e beats duros, tenho curiosidade de a ver ao vivo. J\u00e1 para quem prefere o rock ingl\u00eas, mais jovem mas igualmente energ\u00e9tico, h\u00e1 os <strong>Sea Girls<\/strong><br>\u00e0s 19.30 no WTF Clubbing.<\/p>\n\n\n\n<p>Quando forem 20.00, no palco principal, actua <strong>Ashnikko<\/strong>. \u00c0s 22.00 actua <strong>Tyla<\/strong> e por volta das 23.45 a super estrela<strong> Dua Lipa<\/strong>. Todas estas mocinhas fazem o mesmo tipo de som. Uma pop dan\u00e7\u00e1vel, com muita soul, R &amp; B e hip-hop. Ritmos urbanos e produ\u00e7\u00e3o imaculada v\u00e3o animar um espet\u00e1culo que faz vibrar as gera\u00e7\u00f5es mais novas. E, se bem as conhe\u00e7o, v\u00e3o todas gravar e transmitir nas redes sociais.<\/p>\n\n\n\n<p>Entretanto \u00e0s 22.40 no palco Heineken actua o brit\u00e2nico de ra\u00edzes ugandesas <strong>Michael Kiwanuka<\/strong>. \u00c9 neste segundo dia, o concerto por mim mais esperado. Uma voz quente, um piano jazzado, ritmos dan\u00e7\u00e1veis q.b \u2026Tudo impregnado de soul e carregado de sentimento. Quando for 1.30 da manh\u00e3, <strong>Genesis Owusu<\/strong> promete trazer o seu hip-hop desconstru\u00eddo e infectado de ritmos africanos \u00e0 tenda Clubbing. Os seus v\u00eddeos prometem um concerto espectacular, a ver.<\/p>\n\n\n\n<p>Para terminar em alta o segundo dia h\u00e1 Floating Points, tendo em conta que o concerto \u00e9 quase \u00e0s 3 da manh\u00e3, calculo que seja DJ set. \u00c9 sem d\u00favida um senhor da m\u00fasica eletr\u00f3nica. J\u00e1 foi do Tecno, do Ambient e da I.D.M. Ultimamente at\u00e9 fez um <em>disc\u00e3o<\/em> com muito jazz mas, tendo em conta a hora, apostaria em ritmos dan\u00e7\u00e1veis 4 por 4, um set ecl\u00e9tico e misturas precisas. Pena que seja t\u00e3o tarde.<\/p>\n\n\n\n<p><br><strong>13 Julho S\u00e1bado<\/strong><\/p>\n\n\n\n<figure class=\"wp-block-image size-full\"><img loading=\"lazy\" decoding=\"async\" width=\"828\" height=\"680\" src=\"https:\/\/parqmag.com\/wp\/wp-content\/uploads\/2024\/07\/IMG_1798.jpg\" alt=\"\" class=\"wp-image-8801\" srcset=\"https:\/\/parqmag.com\/wp\/wp-content\/uploads\/2024\/07\/IMG_1798.jpg 828w, https:\/\/parqmag.com\/wp\/wp-content\/uploads\/2024\/07\/IMG_1798-300x246.jpg 300w, https:\/\/parqmag.com\/wp\/wp-content\/uploads\/2024\/07\/IMG_1798-768x631.jpg 768w, https:\/\/parqmag.com\/wp\/wp-content\/uploads\/2024\/07\/IMG_1798-480x394.jpg 480w\" sizes=\"auto, (max-width: 828px) 100vw, 828px\" \/><figcaption class=\"wp-element-caption\"><strong>Eddie Vedder<\/strong>, Pearl Jam<\/figcaption><\/figure>\n\n\n\n<div style=\"height:100px\" aria-hidden=\"true\" class=\"wp-block-spacer\"><\/div>\n\n\n\n<p>Perto das 20.00 as <strong>Breeders <\/strong>trazem o seu som \u00fanico ao passeio mar\u00edtimo de Alg\u00e9s. O ic\u00f3nico \u201cLast Splash\u201d est\u00e1 a fazer 30 anos e a banda de Kim Deal deve revisitar este e todos os seus outros cl\u00e1ssicos.<br>\u00c0s 20.50, uma sugest\u00e3o fora-da-caixa, <strong>Manuel Jo\u00e3o Vieira<\/strong> numa rara apari\u00e7\u00e3o de Stand Up na espa\u00e7o Com\u00e9dia.<\/p>\n\n\n\n<p>Quando forem 22.00 no palco Heineken, h\u00e1 surf-rock com muito indie pelos <strong>Khruangbin<\/strong>. Prometem um som simp\u00e1tico, guitarrinhas ao l\u00e9u, algum dub mas tudo muito tranquilo. Aproximadamente \u00e0 mesma hora o d\u00fao <strong>Shouse <\/strong>estar\u00e1 a infectar de House quem se aproximar da tenda Clubbing.<\/p>\n\n\n\n<p>\u00c0s 23.00, <strong>Eddie Vedder <\/strong>e sus muchachos prometem dar um concert\u00e3o. Os agora mui respeit\u00e1veis <strong>Pearl Jam<\/strong> trazem novamente o seu rock de Seattle a Portugal e a sua vasta legi\u00e3o de f\u00e3s vai-lhes agradecer todos os seus hits.<\/p>\n\n\n\n<p>Passando uma da manh\u00e3, <strong>Vitalic<\/strong> promete fazer dan\u00e7ar todos e mais alguns no WTF Clubbing. DJ ecl\u00e9tico e popular, este franc\u00eas \u00e9 capaz de remisturar nomes grandes e desconhecidos em dj sets de deixar \u00e1gua na boca.<\/p>\n\n\n\n<p><br>Ficam as sugest\u00f5es, divirtam-se se faz favor!<\/p>\n\n\n\n<figure class=\"wp-block-image size-full\"><img loading=\"lazy\" decoding=\"async\" width=\"828\" height=\"1022\" src=\"https:\/\/parqmag.com\/wp\/wp-content\/uploads\/2024\/07\/IMG_1795.jpg\" alt=\"\" class=\"wp-image-8803\" srcset=\"https:\/\/parqmag.com\/wp\/wp-content\/uploads\/2024\/07\/IMG_1795.jpg 828w, https:\/\/parqmag.com\/wp\/wp-content\/uploads\/2024\/07\/IMG_1795-243x300.jpg 243w, https:\/\/parqmag.com\/wp\/wp-content\/uploads\/2024\/07\/IMG_1795-768x948.jpg 768w, https:\/\/parqmag.com\/wp\/wp-content\/uploads\/2024\/07\/IMG_1795-480x592.jpg 480w\" sizes=\"auto, (max-width: 828px) 100vw, 828px\" \/><figcaption class=\"wp-element-caption\">Parcels<\/figcaption><\/figure>\n\n\n\n<div style=\"height:100px\" aria-hidden=\"true\" class=\"wp-block-spacer\"><\/div>\n","protected":false},"excerpt":{"rendered":"<p> [&hellip;]<\/p>\n","protected":false},"author":3,"featured_media":8803,"comment_status":"closed","ping_status":"open","sticky":false,"template":"","format":"standard","meta":{"_coblocks_attr":"","_coblocks_dimensions":"","_coblocks_responsive_height":"","_coblocks_accordion_ie_support":"","footnotes":""},"categories":[2],"tags":[3269,3086,31,3267,3927,22,147],"class_list":["post-8799","post","type-post","status-publish","format-standard","has-post-thumbnail","hentry","category-musica","tag-festival-de-musica","tag-hugo-pinto","tag-musica-2","tag-nos-alive","tag-nos-alive-2024","tag-parq","tag-parqmag"],"_links":{"self":[{"href":"https:\/\/parqmag.com\/wp\/wp-json\/wp\/v2\/posts\/8799","targetHints":{"allow":["GET"]}}],"collection":[{"href":"https:\/\/parqmag.com\/wp\/wp-json\/wp\/v2\/posts"}],"about":[{"href":"https:\/\/parqmag.com\/wp\/wp-json\/wp\/v2\/types\/post"}],"author":[{"embeddable":true,"href":"https:\/\/parqmag.com\/wp\/wp-json\/wp\/v2\/users\/3"}],"replies":[{"embeddable":true,"href":"https:\/\/parqmag.com\/wp\/wp-json\/wp\/v2\/comments?post=8799"}],"version-history":[{"count":4,"href":"https:\/\/parqmag.com\/wp\/wp-json\/wp\/v2\/posts\/8799\/revisions"}],"predecessor-version":[{"id":8808,"href":"https:\/\/parqmag.com\/wp\/wp-json\/wp\/v2\/posts\/8799\/revisions\/8808"}],"wp:featuredmedia":[{"embeddable":true,"href":"https:\/\/parqmag.com\/wp\/wp-json\/wp\/v2\/media\/8803"}],"wp:attachment":[{"href":"https:\/\/parqmag.com\/wp\/wp-json\/wp\/v2\/media?parent=8799"}],"wp:term":[{"taxonomy":"category","embeddable":true,"href":"https:\/\/parqmag.com\/wp\/wp-json\/wp\/v2\/categories?post=8799"},{"taxonomy":"post_tag","embeddable":true,"href":"https:\/\/parqmag.com\/wp\/wp-json\/wp\/v2\/tags?post=8799"}],"curies":[{"name":"wp","href":"https:\/\/api.w.org\/{rel}","templated":true}]}}