{"id":8633,"date":"2024-06-04T13:03:10","date_gmt":"2024-06-04T13:03:10","guid":{"rendered":"https:\/\/parqmag.com\/wp\/?p=8633"},"modified":"2024-06-06T20:26:36","modified_gmt":"2024-06-06T20:26:36","slug":"refractions","status":"publish","type":"post","link":"https:\/\/parqmag.com\/wp\/refractions\/","title":{"rendered":"Refractions"},"content":{"rendered":"\n<p><\/p>\n\n\n\n<p>fotografia de Maria Gaggo <a href=\"https:\/\/parqmag.com\/wp\/?page_id=8644\" data-type=\"page\" data-id=\"8644\">@mariagaggo.visuals<\/a><\/p>\n\n\n\n<p>styling  de EDUARDO TOBAR <a href=\"https:\/\/parqmag.com\/wp\/?page_id=8645\" data-type=\"page\" data-id=\"8645\">@eduardotobar98<\/a><\/p>\n\n\n\n<div style=\"height:23px\" aria-hidden=\"true\" class=\"wp-block-spacer\"><\/div>\n\n\n\n<figure class=\"wp-block-image size-full is-resized\"><img loading=\"lazy\" decoding=\"async\" width=\"714\" height=\"1000\" src=\"https:\/\/parqmag.com\/wp\/wp-content\/uploads\/2024\/06\/0-1-EDITORIALPARQ_Foto1.jpg\" alt=\"\" class=\"wp-image-8634\" style=\"width:766px;height:auto\" srcset=\"https:\/\/parqmag.com\/wp\/wp-content\/uploads\/2024\/06\/0-1-EDITORIALPARQ_Foto1.jpg 714w, https:\/\/parqmag.com\/wp\/wp-content\/uploads\/2024\/06\/0-1-EDITORIALPARQ_Foto1-214x300.jpg 214w, https:\/\/parqmag.com\/wp\/wp-content\/uploads\/2024\/06\/0-1-EDITORIALPARQ_Foto1-480x672.jpg 480w\" sizes=\"auto, (max-width: 714px) 100vw, 714px\" \/><figcaption class=\"wp-element-caption\">Macac\u00e3o Alves\/Gon\u00e7alves, cal\u00e7as Ana Maricato, colar Tous <br><\/figcaption><\/figure>\n\n\n\n<div style=\"height:100px\" aria-hidden=\"true\" class=\"wp-block-spacer\"><\/div>\n\n\n\n<figure class=\"wp-block-image size-full is-resized\"><img loading=\"lazy\" decoding=\"async\" width=\"714\" height=\"1000\" src=\"https:\/\/parqmag.com\/wp\/wp-content\/uploads\/2024\/06\/2-EDITORIALPARQ_Foto2.jpg\" alt=\"\" class=\"wp-image-8635\" style=\"width:766px;height:auto\" srcset=\"https:\/\/parqmag.com\/wp\/wp-content\/uploads\/2024\/06\/2-EDITORIALPARQ_Foto2.jpg 714w, https:\/\/parqmag.com\/wp\/wp-content\/uploads\/2024\/06\/2-EDITORIALPARQ_Foto2-214x300.jpg 214w, https:\/\/parqmag.com\/wp\/wp-content\/uploads\/2024\/06\/2-EDITORIALPARQ_Foto2-480x672.jpg 480w\" sizes=\"auto, (max-width: 714px) 100vw, 714px\" \/><figcaption class=\"wp-element-caption\">malha B\u00e1rbara Atan\u00e1sio, \u00f3sculos de sol Balenciaga<br><\/figcaption><\/figure>\n\n\n\n<div style=\"height:100px\" aria-hidden=\"true\" class=\"wp-block-spacer\"><\/div>\n\n\n\n<figure class=\"wp-block-image size-full\"><img loading=\"lazy\" decoding=\"async\" width=\"714\" height=\"1000\" src=\"https:\/\/parqmag.com\/wp\/wp-content\/uploads\/2024\/06\/3-EDITORIALPARQ_Foto3.jpg\" alt=\"\" class=\"wp-image-8636\" srcset=\"https:\/\/parqmag.com\/wp\/wp-content\/uploads\/2024\/06\/3-EDITORIALPARQ_Foto3.jpg 714w, https:\/\/parqmag.com\/wp\/wp-content\/uploads\/2024\/06\/3-EDITORIALPARQ_Foto3-214x300.jpg 214w, https:\/\/parqmag.com\/wp\/wp-content\/uploads\/2024\/06\/3-EDITORIALPARQ_Foto3-480x672.jpg 480w\" sizes=\"auto, (max-width: 714px) 100vw, 714px\" \/><figcaption class=\"wp-element-caption\">total looks Levis<\/figcaption><\/figure>\n\n\n\n<div style=\"height:100px\" aria-hidden=\"true\" class=\"wp-block-spacer\"><\/div>\n\n\n\n<figure class=\"wp-block-image size-full\"><img loading=\"lazy\" decoding=\"async\" width=\"714\" height=\"1000\" src=\"https:\/\/parqmag.com\/wp\/wp-content\/uploads\/2024\/06\/4-EDITORIALPARQ_Foto4.jpg\" alt=\"\" class=\"wp-image-8637\" srcset=\"https:\/\/parqmag.com\/wp\/wp-content\/uploads\/2024\/06\/4-EDITORIALPARQ_Foto4.jpg 714w, https:\/\/parqmag.com\/wp\/wp-content\/uploads\/2024\/06\/4-EDITORIALPARQ_Foto4-214x300.jpg 214w, https:\/\/parqmag.com\/wp\/wp-content\/uploads\/2024\/06\/4-EDITORIALPARQ_Foto4-480x672.jpg 480w\" sizes=\"auto, (max-width: 714px) 100vw, 714px\" \/><figcaption class=\"wp-element-caption\">Casaco Gant, manga ISZA, jardineiras Mestre Studio, sneakers Lacoste<\/figcaption><\/figure>\n\n\n\n<div style=\"height:100px\" aria-hidden=\"true\" class=\"wp-block-spacer\"><\/div>\n\n\n\n<figure class=\"wp-block-image size-full\"><img loading=\"lazy\" decoding=\"async\" width=\"714\" height=\"1000\" src=\"https:\/\/parqmag.com\/wp\/wp-content\/uploads\/2024\/06\/5-EDITORIALPARQ_Foto5.jpg\" alt=\"\" class=\"wp-image-8638\" srcset=\"https:\/\/parqmag.com\/wp\/wp-content\/uploads\/2024\/06\/5-EDITORIALPARQ_Foto5.jpg 714w, https:\/\/parqmag.com\/wp\/wp-content\/uploads\/2024\/06\/5-EDITORIALPARQ_Foto5-214x300.jpg 214w, https:\/\/parqmag.com\/wp\/wp-content\/uploads\/2024\/06\/5-EDITORIALPARQ_Foto5-480x672.jpg 480w\" sizes=\"auto, (max-width: 714px) 100vw, 714px\" \/><figcaption class=\"wp-element-caption\">Casaso Renato Luiz, cal\u00e7\u00f5es Lacoste, saia Manel Baer, \u00f3culos de sol CK, colar Tous<br><\/figcaption><\/figure>\n\n\n\n<div style=\"height:100px\" aria-hidden=\"true\" class=\"wp-block-spacer\"><\/div>\n\n\n\n<figure class=\"wp-block-image size-full\"><img loading=\"lazy\" decoding=\"async\" width=\"714\" height=\"1000\" src=\"https:\/\/parqmag.com\/wp\/wp-content\/uploads\/2024\/06\/6-EDITORIALPARQ_Foto6.jpg\" alt=\"\" class=\"wp-image-8639\" srcset=\"https:\/\/parqmag.com\/wp\/wp-content\/uploads\/2024\/06\/6-EDITORIALPARQ_Foto6.jpg 714w, https:\/\/parqmag.com\/wp\/wp-content\/uploads\/2024\/06\/6-EDITORIALPARQ_Foto6-214x300.jpg 214w, https:\/\/parqmag.com\/wp\/wp-content\/uploads\/2024\/06\/6-EDITORIALPARQ_Foto6-480x672.jpg 480w\" sizes=\"auto, (max-width: 714px) 100vw, 714px\" \/><figcaption class=\"wp-element-caption\">macac\u00e3o Alves\/Gon\u00e7alves, cal\u00e7as Ana Maricato, colar Tous<\/figcaption><\/figure>\n\n\n\n<div style=\"height:100px\" aria-hidden=\"true\" class=\"wp-block-spacer\"><\/div>\n\n\n\n<figure class=\"wp-block-image size-full\"><img loading=\"lazy\" decoding=\"async\" width=\"714\" height=\"1000\" src=\"https:\/\/parqmag.com\/wp\/wp-content\/uploads\/2024\/06\/7-EDITORIALPARQ_Foto7.jpg\" alt=\"\" class=\"wp-image-8640\" srcset=\"https:\/\/parqmag.com\/wp\/wp-content\/uploads\/2024\/06\/7-EDITORIALPARQ_Foto7.jpg 714w, https:\/\/parqmag.com\/wp\/wp-content\/uploads\/2024\/06\/7-EDITORIALPARQ_Foto7-214x300.jpg 214w, https:\/\/parqmag.com\/wp\/wp-content\/uploads\/2024\/06\/7-EDITORIALPARQ_Foto7-480x672.jpg 480w\" sizes=\"auto, (max-width: 714px) 100vw, 714px\" \/><figcaption class=\"wp-element-caption\">Ela, casaco Pink, cal\u00e7as B\u00e1rbara Atan\u00e1sio, \u00f3culos Karl Lagerfeld. Ele, casaso Renato Luiz, cal\u00e7\u00f5es Lacoste, saia Manel Baer, \u00f3culos de sol CK, colar Tous<\/figcaption><\/figure>\n\n\n\n<div style=\"height:100px\" aria-hidden=\"true\" class=\"wp-block-spacer\"><\/div>\n\n\n\n<figure class=\"wp-block-image size-full\"><img loading=\"lazy\" decoding=\"async\" width=\"714\" height=\"1000\" src=\"https:\/\/parqmag.com\/wp\/wp-content\/uploads\/2024\/06\/12-EDITORIALPARQ_Foto12.jpg\" alt=\"\" class=\"wp-image-8641\" srcset=\"https:\/\/parqmag.com\/wp\/wp-content\/uploads\/2024\/06\/12-EDITORIALPARQ_Foto12.jpg 714w, https:\/\/parqmag.com\/wp\/wp-content\/uploads\/2024\/06\/12-EDITORIALPARQ_Foto12-214x300.jpg 214w, https:\/\/parqmag.com\/wp\/wp-content\/uploads\/2024\/06\/12-EDITORIALPARQ_Foto12-480x672.jpg 480w\" sizes=\"auto, (max-width: 714px) 100vw, 714px\" \/><figcaption class=\"wp-element-caption\">top Ana Maricato, saia Gant, \u00f3culos de sol Gucci, mala Tous<br><\/figcaption><\/figure>\n\n\n\n<div style=\"height:100px\" aria-hidden=\"true\" class=\"wp-block-spacer\"><\/div>\n\n\n\n<figure class=\"wp-block-image size-full\"><img loading=\"lazy\" decoding=\"async\" width=\"714\" height=\"1000\" src=\"https:\/\/parqmag.com\/wp\/wp-content\/uploads\/2024\/06\/9-EDITORIALPARQ_Foto9.jpg\" alt=\"\" class=\"wp-image-8642\" srcset=\"https:\/\/parqmag.com\/wp\/wp-content\/uploads\/2024\/06\/9-EDITORIALPARQ_Foto9.jpg 714w, https:\/\/parqmag.com\/wp\/wp-content\/uploads\/2024\/06\/9-EDITORIALPARQ_Foto9-214x300.jpg 214w, https:\/\/parqmag.com\/wp\/wp-content\/uploads\/2024\/06\/9-EDITORIALPARQ_Foto9-480x672.jpg 480w\" sizes=\"auto, (max-width: 714px) 100vw, 714px\" \/><figcaption class=\"wp-element-caption\">top Ana Maricato, casaco Mestre Studio, jardineiras B\u00e1rbara Atan\u00e1sio, cal\u00e7ado Fly London, \u00f3culos de sol Polaroid, aneis Portugal Jewels<br><\/figcaption><\/figure>\n\n\n\n<div style=\"height:100px\" aria-hidden=\"true\" class=\"wp-block-spacer\"><\/div>\n\n\n\n<figure class=\"wp-block-image size-full\"><img loading=\"lazy\" decoding=\"async\" width=\"1000\" height=\"714\" src=\"https:\/\/parqmag.com\/wp\/wp-content\/uploads\/2024\/06\/10-11-EDITORIALPARQ_Foto10_11.jpg\" alt=\"\" class=\"wp-image-8643\" srcset=\"https:\/\/parqmag.com\/wp\/wp-content\/uploads\/2024\/06\/10-11-EDITORIALPARQ_Foto10_11.jpg 1000w, https:\/\/parqmag.com\/wp\/wp-content\/uploads\/2024\/06\/10-11-EDITORIALPARQ_Foto10_11-300x214.jpg 300w, https:\/\/parqmag.com\/wp\/wp-content\/uploads\/2024\/06\/10-11-EDITORIALPARQ_Foto10_11-768x548.jpg 768w, https:\/\/parqmag.com\/wp\/wp-content\/uploads\/2024\/06\/10-11-EDITORIALPARQ_Foto10_11-480x343.jpg 480w\" sizes=\"auto, (max-width: 1000px) 100vw, 1000px\" \/><figcaption class=\"wp-element-caption\">Top Lacoste, jeans Pinko, cal\u00e7as transparentes Arndes, cal\u00e7ado Fly London, \u00f3culos Balenciaga<br><\/figcaption><\/figure>\n\n\n\n<div style=\"height:100px\" aria-hidden=\"true\" class=\"wp-block-spacer\"><\/div>\n\n\n\n<p>editorial de moda publicado em <a href=\"https:\/\/parqmag.com\/wp\/pdf\/PARQ_80.pdf\">PARQ_80.pdf (parqmag.com)<\/a><\/p>\n\n\n\n<p><strong>FOTOGRAFIA <\/strong>MARIA GAGGO [@mariagaggo.visuals]<\/p>\n\n\n\n<p><strong>STYLING <\/strong>EDUARDO TOBAR [@eduardotobar98]<\/p>\n\n\n\n<p><strong>ASSISTENTE DE FOTOGRAFIA<\/strong> RAGE CREATOR [@rage.creator]<\/p>\n\n\n\n<p><strong>ASSISTENTES DE STYLING<\/strong> F\u00c1BIO GIR\u00c3O [@meias_cor_de_rosa] e CATARINA GUTERRES [@catarinas.area]<\/p>\n\n\n\n<p><strong>MODELOS<\/strong> ANGELINA [@angel_ina.mdz] e GELSON [@gelsonthewaves] @centralmodels<\/p>\n\n\n\n<p>AGRADECIMENTOS \u00c0 UNIVERSIDADE LUS\u00d3FONA<\/p>\n\n\n\n<div style=\"height:100px\" aria-hidden=\"true\" class=\"wp-block-spacer\"><\/div>\n","protected":false},"excerpt":{"rendered":"<p> [&hellip;]<\/p>\n","protected":false},"author":3,"featured_media":8640,"comment_status":"closed","ping_status":"open","sticky":false,"template":"","format":"standard","meta":{"_coblocks_attr":"","_coblocks_dimensions":"","_coblocks_responsive_height":"","_coblocks_accordion_ie_support":"","footnotes":""},"categories":[13],"tags":[3886,3885,1689,3468,1543,1642,3884,88,3888,1429,645,1261,1462,3887,3787,3784,38,22,147,2480,1784,1293,1786],"class_list":["post-8633","post","type-post","status-publish","format-standard","has-post-thumbnail","hentry","category-moda","tag-alves-goncalves","tag-ana-maricato","tag-balenciaga","tag-barbara-atanasio","tag-central-models","tag-editorial-de-moda","tag-eduardo-tobar","tag-fashion","tag-fly-london","tag-fotografia-de-moda","tag-gant","tag-lacoste","tag-levis","tag-manel-baer","tag-maria-gaggo","tag-mestre-studio","tag-moda","tag-parq","tag-parqmag","tag-pinko","tag-revista-de-moda","tag-styling","tag-tous"],"_links":{"self":[{"href":"https:\/\/parqmag.com\/wp\/wp-json\/wp\/v2\/posts\/8633","targetHints":{"allow":["GET"]}}],"collection":[{"href":"https:\/\/parqmag.com\/wp\/wp-json\/wp\/v2\/posts"}],"about":[{"href":"https:\/\/parqmag.com\/wp\/wp-json\/wp\/v2\/types\/post"}],"author":[{"embeddable":true,"href":"https:\/\/parqmag.com\/wp\/wp-json\/wp\/v2\/users\/3"}],"replies":[{"embeddable":true,"href":"https:\/\/parqmag.com\/wp\/wp-json\/wp\/v2\/comments?post=8633"}],"version-history":[{"count":2,"href":"https:\/\/parqmag.com\/wp\/wp-json\/wp\/v2\/posts\/8633\/revisions"}],"predecessor-version":[{"id":8715,"href":"https:\/\/parqmag.com\/wp\/wp-json\/wp\/v2\/posts\/8633\/revisions\/8715"}],"wp:featuredmedia":[{"embeddable":true,"href":"https:\/\/parqmag.com\/wp\/wp-json\/wp\/v2\/media\/8640"}],"wp:attachment":[{"href":"https:\/\/parqmag.com\/wp\/wp-json\/wp\/v2\/media?parent=8633"}],"wp:term":[{"taxonomy":"category","embeddable":true,"href":"https:\/\/parqmag.com\/wp\/wp-json\/wp\/v2\/categories?post=8633"},{"taxonomy":"post_tag","embeddable":true,"href":"https:\/\/parqmag.com\/wp\/wp-json\/wp\/v2\/tags?post=8633"}],"curies":[{"name":"wp","href":"https:\/\/api.w.org\/{rel}","templated":true}]}}