{"id":4292,"date":"2022-02-20T01:42:42","date_gmt":"2022-02-20T01:42:42","guid":{"rendered":"https:\/\/parqmag.com\/wp\/?p=4292"},"modified":"2022-02-20T01:43:52","modified_gmt":"2022-02-20T01:43:52","slug":"4292-2","status":"publish","type":"post","link":"https:\/\/parqmag.com\/wp\/4292-2\/","title":{"rendered":"apanhar o futuro"},"content":{"rendered":"\n<p>O DeLorean DMC-12 \u00e9 um carro que ficou celebrizado na s\u00e9rie Regresso ao Futuro. Guiado por Marty McFly e pelo Doc Emmett Brown, permitia viajar no tempo, gra\u00e7as a uma altera\u00e7\u00e3o que o segundo tinha feito. Posto de lado a parte ficcional, o DMC DeLorean foi um carro, que marcou a ind\u00fastria autom\u00f3vel dos EUA. Com um visual futurista, dado o seu valor,n\u00e3o foi um sucesso comercial. Contudo os aspetos vanguardistas foram sempre muito apreciados por alguns experts que o tornaram  sempre cobi\u00e7ado e objeto de cole\u00e7\u00e3o. O seu prest\u00edgio faz com que haja a vontade de o trazer de novo ao mercado, agora numa proposta el\u00e9trica<\/p>\n\n\n\n<p>A marca foi vendida em 1995 a <strong>Stephen Wynne<\/strong>, em conjunto com todo o seu esp\u00f3lio. A ideia, na altura, era criar uma oficina de repara\u00e7\u00e3o destes carros, mas os\u00a0planos evolu\u00edram e a ideia passou para o retomar a produ\u00e7\u00e3o de novos carros.  Haveria uma renova\u00e7\u00e3o das linhas e da tecnologia usada, mas a imagem ic\u00f3nica e \u00fanica seria mantida. A produ\u00e7\u00e3o seria limitada e reduzida, para controlar\u00a0os custos.<\/p>\n\n\n\n<figure class=\"wp-block-image size-large\"><img loading=\"lazy\" decoding=\"async\" width=\"720\" height=\"405\" src=\"https:\/\/parqmag.com\/wp\/wp-content\/uploads\/2022\/02\/DeLoreanDMC12-_1-720x405-1.jpg\" alt=\"\" class=\"wp-image-4293\" srcset=\"https:\/\/parqmag.com\/wp\/wp-content\/uploads\/2022\/02\/DeLoreanDMC12-_1-720x405-1.jpg 720w, https:\/\/parqmag.com\/wp\/wp-content\/uploads\/2022\/02\/DeLoreanDMC12-_1-720x405-1-300x169.jpg 300w, https:\/\/parqmag.com\/wp\/wp-content\/uploads\/2022\/02\/DeLoreanDMC12-_1-720x405-1-480x270.jpg 480w\" sizes=\"auto, (max-width: 720px) 100vw, 720px\" \/><\/figure>\n","protected":false},"excerpt":{"rendered":"<p> [&hellip;]<\/p>\n","protected":false},"author":3,"featured_media":4293,"comment_status":"closed","ping_status":"open","sticky":false,"template":"","format":"standard","meta":{"_coblocks_attr":"","_coblocks_dimensions":"","_coblocks_responsive_height":"","_coblocks_accordion_ie_support":"","footnotes":""},"categories":[8],"tags":[2285,2286,2284,2287,2289,2288],"class_list":["post-4292","post","type-post","status-publish","format-standard","has-post-thumbnail","hentry","category-lifestyle","tag-carro","tag-carro-eletrico","tag-delorean-dmc-12","tag-futurismo","tag-stephen-wynne","tag-vintage-car"],"_links":{"self":[{"href":"https:\/\/parqmag.com\/wp\/wp-json\/wp\/v2\/posts\/4292","targetHints":{"allow":["GET"]}}],"collection":[{"href":"https:\/\/parqmag.com\/wp\/wp-json\/wp\/v2\/posts"}],"about":[{"href":"https:\/\/parqmag.com\/wp\/wp-json\/wp\/v2\/types\/post"}],"author":[{"embeddable":true,"href":"https:\/\/parqmag.com\/wp\/wp-json\/wp\/v2\/users\/3"}],"replies":[{"embeddable":true,"href":"https:\/\/parqmag.com\/wp\/wp-json\/wp\/v2\/comments?post=4292"}],"version-history":[{"count":2,"href":"https:\/\/parqmag.com\/wp\/wp-json\/wp\/v2\/posts\/4292\/revisions"}],"predecessor-version":[{"id":4295,"href":"https:\/\/parqmag.com\/wp\/wp-json\/wp\/v2\/posts\/4292\/revisions\/4295"}],"wp:featuredmedia":[{"embeddable":true,"href":"https:\/\/parqmag.com\/wp\/wp-json\/wp\/v2\/media\/4293"}],"wp:attachment":[{"href":"https:\/\/parqmag.com\/wp\/wp-json\/wp\/v2\/media?parent=4292"}],"wp:term":[{"taxonomy":"category","embeddable":true,"href":"https:\/\/parqmag.com\/wp\/wp-json\/wp\/v2\/categories?post=4292"},{"taxonomy":"post_tag","embeddable":true,"href":"https:\/\/parqmag.com\/wp\/wp-json\/wp\/v2\/tags?post=4292"}],"curies":[{"name":"wp","href":"https:\/\/api.w.org\/{rel}","templated":true}]}}