{"id":4021,"date":"2021-12-21T22:37:59","date_gmt":"2021-12-21T22:37:59","guid":{"rendered":"https:\/\/parqmag.com\/wp\/?p=4021"},"modified":"2021-12-21T22:38:01","modified_gmt":"2021-12-21T22:38:01","slug":"carla-prata","status":"publish","type":"post","link":"https:\/\/parqmag.com\/wp\/carla-prata\/","title":{"rendered":"Carla Prata"},"content":{"rendered":"\n<p>P\u00f3s &#8211; Colors<\/p>\n\n\n\n<p>texto de <strong>Sara Madeira<\/strong><\/p>\n\n\n\n<p><strong>\u00c0 porta de divulgar o seu primeiro \u00e1lbum, o anunciado, <em>sextape <\/em>, Carla Prata, desperta muita aten\u00e7\u00e3o internacional, depois da proje\u00e7\u00e3o internacional que alcan\u00e7ou com duas passagens pela plataforma Colors, onde \u00e9 referida como uma das grandes promessas no meio musical. Com ra\u00edzes angolanas, Carla Prata nasceu em Londres, e tem vivido entre Portugal, Angola e Londres, uma multiculturalidade que se destaca nos v\u00e1rios singles que tem lan\u00e7ado at\u00e9 agora. As suas primeiras experi\u00eancias come\u00e7aram com um teclado midi e um microfone oferecido pelo pai que a levaram mais tarde a apostar num curso de engenharia musical que realizou em Londres aos 15 anos. Os primeiros sucessos acontecem em Luanda, mas seria a partir de 2018 quando se estabeleceu em Lisboa que a sua linguagem come\u00e7ou a definir-se e a ganhar uma legi\u00e3o de f\u00e3s em cada Ep que foi lan\u00e7ando. Hoje com 21 anos, faltava-lhe um novo degrau, da\u00ed que se tenha fixado em Londres porque o mundo est\u00e1 avido de ouvir mais.<\/strong><\/p>\n\n\n\n<figure class=\"wp-block-image size-large\"><img loading=\"lazy\" decoding=\"async\" width=\"536\" height=\"800\" src=\"https:\/\/parqmag.com\/wp\/wp-content\/uploads\/2021\/12\/3Joao-Barreiros-14.jpg\" alt=\"\" class=\"wp-image-4022\" srcset=\"https:\/\/parqmag.com\/wp\/wp-content\/uploads\/2021\/12\/3Joao-Barreiros-14.jpg 536w, https:\/\/parqmag.com\/wp\/wp-content\/uploads\/2021\/12\/3Joao-Barreiros-14-201x300.jpg 201w, https:\/\/parqmag.com\/wp\/wp-content\/uploads\/2021\/12\/3Joao-Barreiros-14-480x716.jpg 480w\" sizes=\"auto, (max-width: 536px) 100vw, 536px\" \/><figcaption>Sweat e cal\u00e7as<strong> Fred Perry,<\/strong> sapatos <strong>Steve Madden<\/strong><\/figcaption><\/figure>\n\n\n\n<p>Parq &#8211; Muito se falou por seres a primeira cantora Angolana a passar na plataforma <em>Colors<\/em>. Voltaste agora em Agosto, foi a para ti a confirma\u00e7\u00e3o de uma consagra\u00e7\u00e3o?<\/p>\n\n\n\n<p>Sara Prata (SP) &#8211; Foi um momento especial na minha carreira, sinto orgulho de ter partilhado a plataforma com artistas de quem sou f\u00e3. O timing da estreia do segundo tema, <em>Owner<\/em>, foi especial porque coincidiu com o momento que me tornei \u201cowner\u201d dos meus masters. Owner foi tamb\u00e9m a minha primeira m\u00fasica a ter sucesso fora do c\u00edrculo lus\u00f3fono.<\/p>\n\n\n\n<p>P- Para ti qual a import\u00e2ncia de <em>Colors<\/em>?<\/p>\n\n\n\n<p>SP &#8211; Super importante, \u00e9 uma plataforma que muda a carreira de muitos artistas. O <em>Colors<\/em> teve um grande impacto sobre a minha carreira<\/p>\n\n\n\n<p>P &#8211; Em que media esta confirma\u00e7\u00e3o est\u00e1 a mudar a tua carreira?<\/p>\n\n\n\n<p>SP <em>&#8211; Colors<\/em> ajuda a tua m\u00fasica chegar a novos ouvidos. Hoje aprecio estar a criar m\u00fasica com produtores de ingleses, americanos, holandeses, nigerianos, entre outras origens. <em>Colors<\/em> ajudou em muito para que isso esteja a acontecer.<\/p>\n\n\n\n<p>P &#8211; Em que medida isto trouxe mudan\u00e7as para o teu j\u00e1 anunciado pr\u00f3ximo \u00e1lbum?<\/p>\n\n\n\n<p>SP -\u00c9 dif\u00edcil responder a esta pergunta. O meu \u00e1lbum continua em desenvolvimento e o que \u00e9 certo \u00e9 que a partir do in\u00edcio do pr\u00f3ximo ano vou lan\u00e7ar 6 singles<\/p>\n\n\n\n<p>P &#8211; J\u00e1 conhecemos o tema <em>Certified Freak<\/em>, podes falar deste tema?<\/p>\n\n\n\n<p>SP &#8211; O <em>Certified Freak<\/em> foi um tema que descreve perfeitamente uma fase que eu estava a a viver. \u00c9 um tema que gravei para os \u201ccertefied freaks\u201d. Estas pessoas sabem quem s\u00e3o.<\/p>\n\n\n\n<p>P &#8211; Em que medida as tuas ra\u00edzes te diferenciam na cena global?<\/p>\n\n\n\n<p>SP<em> &#8211; <\/em>Por causa das minhas ra\u00edzes tenho influencia de culturas diferentes. Isto manifesta-se na m\u00fasica que crio. Fiquem atentos \u00e0 m\u00fasica que vou lan\u00e7ar no pr\u00f3ximo ano, onde esta quest\u00e3o vai ser mais clara.<\/p>\n\n\n\n<figure class=\"wp-block-image size-large\"><img loading=\"lazy\" decoding=\"async\" width=\"536\" height=\"800\" src=\"https:\/\/parqmag.com\/wp\/wp-content\/uploads\/2021\/12\/4-Joao-Barreiros-16.jpg\" alt=\"\" class=\"wp-image-4023\" srcset=\"https:\/\/parqmag.com\/wp\/wp-content\/uploads\/2021\/12\/4-Joao-Barreiros-16.jpg 536w, https:\/\/parqmag.com\/wp\/wp-content\/uploads\/2021\/12\/4-Joao-Barreiros-16-201x300.jpg 201w, https:\/\/parqmag.com\/wp\/wp-content\/uploads\/2021\/12\/4-Joao-Barreiros-16-480x716.jpg 480w\" sizes=\"auto, (max-width: 536px) 100vw, 536px\" \/><figcaption>Sweat e cal\u00e7as<strong> Fred Perry, <\/strong>sapatos<strong> Steve Madden<\/strong><\/figcaption><\/figure>\n\n\n\n<p>P &#8211; E como foi aprofundar as tuas ra\u00edzes quando passaste a viver em Angola depois de uma vida inteira em Londres?<\/p>\n\n\n\n<p>SP &#8211; O tempo que passei em Angola foi muito importante para mim, n\u00e3o s\u00f3 para perceber o quanto a nossa cultura \u00e9 rica, mas tamb\u00e9m para concretizar a minha identidade enquanto artista angolana.<\/p>\n\n\n\n<p>P &#8211; \u00c9s conhecida pelas misturas de estilos, o que procuras no essencial?<\/p>\n\n\n\n<p>SP &#8211; O que procuro \u00e9 dif\u00edcil de descrever. Sei que evito ser colada a uma tend\u00eancia, a um g\u00e9nero de m\u00fasica. Gosto de variedade<\/p>\n\n\n\n<p>P &#8211; Escreveste que o estilo n\u00e3o importa mas a <em>vibe q<\/em>ue cada beat transmite, sim. Isso para ti quer dizer o qu\u00ea?<\/p>\n\n\n\n<p>SP &#8211; Uma boa vibe transcende qualquer estilo musical, se gostas de boa m\u00fasica sempre vais apreciar uma boa melodia, seja house, rock, kizomba ou outro g\u00e9nero.<\/p>\n\n\n\n<p>P &#8211; Passas muito tempo em Lisboa, o que costumas fazer por c\u00e1?<\/p>\n\n\n\n<p>SP &#8211; Hum comer um bom pit\u00e9u, party and bs, party and bs, party and bs&#8230;.<\/p>\n\n\n\n<figure class=\"wp-block-image size-large\"><img loading=\"lazy\" decoding=\"async\" width=\"536\" height=\"800\" src=\"https:\/\/parqmag.com\/wp\/wp-content\/uploads\/2021\/12\/2-Joao-Barreiros-69.jpg\" alt=\"\" class=\"wp-image-4024\" srcset=\"https:\/\/parqmag.com\/wp\/wp-content\/uploads\/2021\/12\/2-Joao-Barreiros-69.jpg 536w, https:\/\/parqmag.com\/wp\/wp-content\/uploads\/2021\/12\/2-Joao-Barreiros-69-201x300.jpg 201w, https:\/\/parqmag.com\/wp\/wp-content\/uploads\/2021\/12\/2-Joao-Barreiros-69-480x716.jpg 480w\" sizes=\"auto, (max-width: 536px) 100vw, 536px\" \/><figcaption>Bomber<strong> Dunbrooke, <\/strong>cal\u00e7as e polo <strong>Fred Perry, <\/strong>sapatos<strong> Steve Madden<\/strong><\/figcaption><\/figure>\n\n\n\n<p>fotografia Jo\u00e3o Barreiros @joaobarreiros.pdf<\/p>\n\n\n\n<p>produ\u00e7\u00e3o e styling : Sofia de Carvalho @sofidccarvalho<\/p>\n\n\n\n<p>makeup: Margrida Sequeira @mag.smakeup<\/p>\n\n\n\n<p><\/p>\n\n\n\n<p><\/p>\n\n\n\n<p>terceira dupla tinha p\u00e1gina em branco e uma foto<\/p>\n\n\n\n<p>foto 4 <strong>Sweat e cal\u00e7as Fred Perry, sapatos Steve Madden<\/strong><\/p>\n","protected":false},"excerpt":{"rendered":"<p> [&hellip;]<\/p>\n","protected":false},"author":3,"featured_media":4024,"comment_status":"closed","ping_status":"open","sticky":false,"template":"","format":"standard","meta":{"_coblocks_attr":"","_coblocks_dimensions":"","_coblocks_responsive_height":"","_coblocks_accordion_ie_support":"","footnotes":""},"categories":[13,2],"tags":[1599,1978,2160,2159,1503,815,2158,31,2161,2157,1770],"class_list":["post-4021","post","type-post","status-publish","format-standard","has-post-thumbnail","hentry","category-moda","category-musica","tag-cantora","tag-carla-prata","tag-colors","tag-fred-perry-steve-madden","tag-joao-barreiros","tag-londres","tag-luanda","tag-musica-2","tag-owner","tag-sextape","tag-sofia-de-carvalho"],"_links":{"self":[{"href":"https:\/\/parqmag.com\/wp\/wp-json\/wp\/v2\/posts\/4021","targetHints":{"allow":["GET"]}}],"collection":[{"href":"https:\/\/parqmag.com\/wp\/wp-json\/wp\/v2\/posts"}],"about":[{"href":"https:\/\/parqmag.com\/wp\/wp-json\/wp\/v2\/types\/post"}],"author":[{"embeddable":true,"href":"https:\/\/parqmag.com\/wp\/wp-json\/wp\/v2\/users\/3"}],"replies":[{"embeddable":true,"href":"https:\/\/parqmag.com\/wp\/wp-json\/wp\/v2\/comments?post=4021"}],"version-history":[{"count":1,"href":"https:\/\/parqmag.com\/wp\/wp-json\/wp\/v2\/posts\/4021\/revisions"}],"predecessor-version":[{"id":4025,"href":"https:\/\/parqmag.com\/wp\/wp-json\/wp\/v2\/posts\/4021\/revisions\/4025"}],"wp:featuredmedia":[{"embeddable":true,"href":"https:\/\/parqmag.com\/wp\/wp-json\/wp\/v2\/media\/4024"}],"wp:attachment":[{"href":"https:\/\/parqmag.com\/wp\/wp-json\/wp\/v2\/media?parent=4021"}],"wp:term":[{"taxonomy":"category","embeddable":true,"href":"https:\/\/parqmag.com\/wp\/wp-json\/wp\/v2\/categories?post=4021"},{"taxonomy":"post_tag","embeddable":true,"href":"https:\/\/parqmag.com\/wp\/wp-json\/wp\/v2\/tags?post=4021"}],"curies":[{"name":"wp","href":"https:\/\/api.w.org\/{rel}","templated":true}]}}