{"id":2814,"date":"2021-03-16T19:11:05","date_gmt":"2021-03-16T19:11:05","guid":{"rendered":"https:\/\/parqmag.com\/wp\/?p=2814"},"modified":"2021-03-16T19:13:42","modified_gmt":"2021-03-16T19:13:42","slug":"pedro-mafama","status":"publish","type":"post","link":"https:\/\/parqmag.com\/wp\/pedro-mafama\/","title":{"rendered":"Pedro Mafama"},"content":{"rendered":"\n<p>Na Capa da edi\u00e7\u00e3o #69 da Parq <a href=\"https:\/\/www.parqmag.com\/pdf\/PARQ_69.pdf\" data-type=\"URL\" data-id=\"https:\/\/www.parqmag.com\/pdf\/PARQ_69.pdf\">https:\/\/www.parqmag.com\/pdf\/PARQ_69.pdf<\/a><\/p>\n\n\n\n<div style=\"height:33px\" aria-hidden=\"true\" class=\"wp-block-spacer\"><\/div>\n\n\n\n<figure class=\"wp-block-image size-large\"><img loading=\"lazy\" decoding=\"async\" width=\"724\" height=\"1024\" src=\"https:\/\/parqmag.com\/wp\/wp-content\/uploads\/2021\/03\/3b6d8df8-bde0-4d8e-8738-e396eae79413-724x1024.jpg\" alt=\"\" class=\"wp-image-2815\" srcset=\"https:\/\/parqmag.com\/wp\/wp-content\/uploads\/2021\/03\/3b6d8df8-bde0-4d8e-8738-e396eae79413-724x1024.jpg 724w, https:\/\/parqmag.com\/wp\/wp-content\/uploads\/2021\/03\/3b6d8df8-bde0-4d8e-8738-e396eae79413-212x300.jpg 212w, https:\/\/parqmag.com\/wp\/wp-content\/uploads\/2021\/03\/3b6d8df8-bde0-4d8e-8738-e396eae79413-768x1086.jpg 768w, https:\/\/parqmag.com\/wp\/wp-content\/uploads\/2021\/03\/3b6d8df8-bde0-4d8e-8738-e396eae79413-480x679.jpg 480w, https:\/\/parqmag.com\/wp\/wp-content\/uploads\/2021\/03\/3b6d8df8-bde0-4d8e-8738-e396eae79413.jpg 990w\" sizes=\"auto, (max-width: 724px) 100vw, 724px\" \/><figcaption>Pedro Mafama fotografado por S\u00e9rgio Santos, veste blazer vintage BURBERRY na Betina<br>Vreeland, earcuff TOUS , correntes PORTUGUESE JEWELS<\/figcaption><\/figure>\n\n\n\n<div style=\"height:45px\" aria-hidden=\"true\" class=\"wp-block-spacer\"><\/div>\n\n\n\n<p>&nbsp;<strong>Momentos em que n\u00e3o te sentes nada deste tempo?<\/strong><\/p>\n\n\n\n<p>Sou uma pessoa que se interessa muito pelo tempo em que vivemos e encontro sempre est\u00edmulos no que se passa \u00e0 minha volta para criar a minha m\u00fasica, quer sejam as coisas boas ou as coisas m\u00e1s do mundo. N\u00e3o sou muito nost\u00e1lgico, no sentido em que acredito que vivemos num tempo verdadeiramente interessante em que est\u00e3o a acontecer coisas t\u00e3o decisivas e marcantes como em qualquer outra \u00e9poca.<\/p>\n\n\n\n<p>Mas tamb\u00e9m sou muito sonhador e gosto de me perder em pensamentos e usar a imagina\u00e7\u00e3o para viajar at\u00e9 outros tempos e lugares. Gosto muito de imaginar como seria a vida h\u00e1 3, 6 ou 10 s\u00e9culos e pensar que se calhar a minha experi\u00eancia neste mundo n\u00e3o \u00e9 t\u00e3o diferente quanto a de uma pessoa que pisou o mesmo ch\u00e3o que eu h\u00e1 8 s\u00e9culos, e olhou o mesmo c\u00e9u estrelado que n\u00f3s olhamos. Acho que todos n\u00f3s, em qualquer tempo, fazemos mais ou menos as mesmas perguntas e passamos todos a vida \u00e0 procura de respostas.<\/p>\n\n\n\n<p><strong>&nbsp;Momentos em que gostaria de estar j\u00e1 no futuro?<\/strong><\/p>\n\n\n\n<p>\u00c0s vezes gostava de chegar mais r\u00e1pido a todo o s\u00edtio onde quero chegar, gostava de j\u00e1 ter lan\u00e7ado o meu \u00e1lbum de estreia, e fazer j\u00e1 hoje tudo aquilo que quero fazer um dia. No entanto, fui aprendendo a tirar prazer no acto de fazer as coisas, e n\u00e3o na expectativa dos resultados. Quero saborear o momento e o processo, porque isso \u00e9 tudo o que n\u00f3s temos. Sinto tamb\u00e9m que a partir do momento em que comecei a focar a minha aten\u00e7\u00e3o em fazer o melhor com aquilo que tenho \u00e0 minha frente, em vez de viver sufocado pelas minhas ambi\u00e7\u00f5es e pela \u00e2nsia de chegar mais longe, as coisas come\u00e7aram verdadeiramente a dar certo e comecei a caminhar para onde quero chegar um dia.<br><br><br><strong>Momentos preciosos do teu presente?<\/strong><\/p>\n\n\n\n<p>Sempre que consigo juntar palavras bonitas e improv\u00e1veis numa letra, criar uma melodia interessante, juntar sonoridades ou imagens de uma forma a que elas fa\u00e7am uma fa\u00edsca. Mas &nbsp;n\u00e3o tenho s\u00f3 momentos preciosos a trabalhar, tamb\u00e9m adoro os pequenos momentos sublimes da vida, como uma linda noite de luar, uma palmeira a abanar ao vento, aquela primeira brisa de ver\u00e3o do ano.<br><br><strong>O filme da tua vida?<\/strong><\/p>\n\n\n\n<p>Os filmes da minha vida v\u00e3o mudando muito de tempo em tempo, mas neste momento \u00e9 capaz de ser o \u201cFado: Origem de uma Cantadeira\u201d com a Am\u00e1lia Rodrigues, de 1947. A hist\u00f3ria \u00e9 o cl\u00e1ssico conto sobre o sucesso repentino e a ascens\u00e3o social, e tem todos os clich\u00e9s da \u00e9poca e do regime pol\u00edtico dentro do qual foi feito, mas a Am\u00e1lia est\u00e1 linda de morrer no filme, a banda sonora \u00e9 de chorar pela nossa m\u00e3e, e todo o universo de Alfama que o filme retrata \u00e9-me familiar por ter crescido ali ao p\u00e9, na Gra\u00e7a.<\/p>\n\n\n\n<p><strong>A m\u00fasica da tua vida?<\/strong><\/p>\n\n\n\n<p>Talvez seja o \u201cEsse Olhar Que Era S\u00f3 Teu\u201d dos Dead Combo. Ou o \u201cGaivota\u201d da Am\u00e1lia&#8230; Ou o \u201cMar E Morada Di Saudade\u201d da Ces\u00e1ria Evora. N\u00e3o consigo escolher entre as tr\u00eas m\u00fasicas, e no final do dia elas falam as tr\u00eas sobre a mesma coisa!<\/p>\n\n\n\n<figure class=\"wp-block-image size-large\"><img loading=\"lazy\" decoding=\"async\" width=\"714\" height=\"1000\" src=\"https:\/\/parqmag.com\/wp\/wp-content\/uploads\/2021\/03\/PARQ_MARCH_0560.jpg\" alt=\"\" class=\"wp-image-2816\" srcset=\"https:\/\/parqmag.com\/wp\/wp-content\/uploads\/2021\/03\/PARQ_MARCH_0560.jpg 714w, https:\/\/parqmag.com\/wp\/wp-content\/uploads\/2021\/03\/PARQ_MARCH_0560-214x300.jpg 214w, https:\/\/parqmag.com\/wp\/wp-content\/uploads\/2021\/03\/PARQ_MARCH_0560-480x672.jpg 480w\" sizes=\"auto, (max-width: 714px) 100vw, 714px\" \/><\/figure>\n\n\n\n<div style=\"height:53px\" aria-hidden=\"true\" class=\"wp-block-spacer\"><\/div>\n\n\n\n<p><strong>Fotografia : S\u00e9rgio Santos @sergiosantos.studio Styling : Raquel Guerreiro @raquelguerreir e Maria Nobre @noble_mary Hair : Eduardo Estevam @eesteban Make Up : Beatriz Teixeira @beatriz.texugo Nails Artist : Sandra Luz @sandraluz_ para Dez Studio @dez_studio assistente de fotografia : Teresa Andrade<\/strong><\/p>\n\n\n\n<div style=\"height:100px\" aria-hidden=\"true\" class=\"wp-block-spacer\"><\/div>\n\n\n<div class=\"wp-block-coblocks-social is-style-mask has-colors\" style=\" \"><ul><li>\n\t\t\t\t\t<a href=\"https:\/\/www.facebook.com\/sharer\/sharer.php?u=https:\/\/parqmag.com\/wp\/pedro-mafama\/&#038;title=Pedro%20Mafama\" class=\"wp-block-button__link wp-block-coblocks-social__button wp-block-coblocks-social__button--facebook     has-padding\" title=\"Share on Facebook\" style=\"border-radius: 40px;\">\n\t\t\t\t\t\t<span class=\"wp-block-coblocks-social__icon\" style=\"height:22px;width: 22px;\"><\/span>\n\t\t\t\t\t\t<span class=\"wp-block-coblocks-social__text\" style=\"\">Share on Facebook<\/span>\n\t\t\t\t\t<\/a>\n\t\t\t\t<\/li><li>\n\t\t\t\t\t<a href=\"http:\/\/twitter.com\/share?text=Pedro%20Mafama&#038;url=https:\/\/parqmag.com\/wp\/pedro-mafama\/\" class=\"wp-block-button__link wp-block-coblocks-social__button wp-block-coblocks-social__button--twitter     has-padding\" title=\"Share on Twitter\" style=\"border-radius: 40px;\">\n\t\t\t\t\t\t<span class=\"wp-block-coblocks-social__icon\" style=\"height:22px;width: 22px;\"><\/span>\n\t\t\t\t\t\t<span class=\"wp-block-coblocks-social__text\" style=\"\">Share on Twitter<\/span>\n\t\t\t\t\t<\/a>\n\t\t\t\t<\/li><li>\n\t\t\t\t\t<a href=\"https:\/\/pinterest.com\/pin\/create\/button\/?&#038;url=https:\/\/parqmag.com\/wp\/pedro-mafama\/&#038;description=Pedro%20Mafama&#038;media=https:\/\/parqmag.com\/wp\/wp-content\/uploads\/2021\/03\/Pedro-Mafama-PARQ_MARCH_0560-Copia.jpg\" class=\"wp-block-button__link wp-block-coblocks-social__button wp-block-coblocks-social__button--pinterest     has-padding\" title=\"Share on Pinterest\" style=\"border-radius: 40px;\">\n\t\t\t\t\t\t<span class=\"wp-block-coblocks-social__icon\" style=\"height:22px;width: 22px;\"><\/span>\n\t\t\t\t\t\t<span class=\"wp-block-coblocks-social__text\" style=\"\">Share on Pinterest<\/span>\n\t\t\t\t\t<\/a>\n\t\t\t\t<\/li><\/ul><\/div>\n\n\n<div style=\"height:100px\" aria-hidden=\"true\" class=\"wp-block-spacer\"><\/div>\n","protected":false},"excerpt":{"rendered":"<p> [&hellip;]<\/p>\n","protected":false},"author":3,"featured_media":2817,"comment_status":"closed","ping_status":"open","sticky":false,"template":"","format":"standard","meta":{"_coblocks_attr":"","_coblocks_dimensions":"","_coblocks_responsive_height":"","_coblocks_accordion_ie_support":"","footnotes":""},"categories":[8,13],"tags":[1486,1488,1257,1484,1256,1478,1485,1173,1487],"class_list":["post-2814","post","type-post","status-publish","format-standard","has-post-thumbnail","hentry","category-lifestyle","category-moda","tag-arruadamusic","tag-burberry","tag-maria-nobre","tag-pedro-mafama","tag-raquel-guerreiro","tag-sergio-santos","tag-sony-music","tag-vintage","tag-vintagefashion"],"_links":{"self":[{"href":"https:\/\/parqmag.com\/wp\/wp-json\/wp\/v2\/posts\/2814","targetHints":{"allow":["GET"]}}],"collection":[{"href":"https:\/\/parqmag.com\/wp\/wp-json\/wp\/v2\/posts"}],"about":[{"href":"https:\/\/parqmag.com\/wp\/wp-json\/wp\/v2\/types\/post"}],"author":[{"embeddable":true,"href":"https:\/\/parqmag.com\/wp\/wp-json\/wp\/v2\/users\/3"}],"replies":[{"embeddable":true,"href":"https:\/\/parqmag.com\/wp\/wp-json\/wp\/v2\/comments?post=2814"}],"version-history":[{"count":4,"href":"https:\/\/parqmag.com\/wp\/wp-json\/wp\/v2\/posts\/2814\/revisions"}],"predecessor-version":[{"id":2822,"href":"https:\/\/parqmag.com\/wp\/wp-json\/wp\/v2\/posts\/2814\/revisions\/2822"}],"wp:featuredmedia":[{"embeddable":true,"href":"https:\/\/parqmag.com\/wp\/wp-json\/wp\/v2\/media\/2817"}],"wp:attachment":[{"href":"https:\/\/parqmag.com\/wp\/wp-json\/wp\/v2\/media?parent=2814"}],"wp:term":[{"taxonomy":"category","embeddable":true,"href":"https:\/\/parqmag.com\/wp\/wp-json\/wp\/v2\/categories?post=2814"},{"taxonomy":"post_tag","embeddable":true,"href":"https:\/\/parqmag.com\/wp\/wp-json\/wp\/v2\/tags?post=2814"}],"curies":[{"name":"wp","href":"https:\/\/api.w.org\/{rel}","templated":true}]}}