{"id":1312,"date":"2020-08-07T14:21:55","date_gmt":"2020-08-07T14:21:55","guid":{"rendered":"https:\/\/parqmag.com\/wp\/?p=1312"},"modified":"2020-08-07T14:21:58","modified_gmt":"2020-08-07T14:21:58","slug":"vanessa-barragao","status":"publish","type":"post","link":"https:\/\/parqmag.com\/wp\/vanessa-barragao\/","title":{"rendered":"Vanessa Barrag\u00e3o"},"content":{"rendered":"\n<p>Edi\u00e7\u00e3o 57- Mar\u00e7o 2018<\/p>\n\n\n\n<p>Entrevista: Liliana Pedro<\/p>\n\n\n\n<p>Apaixonada por corais, \u00e9 nos ecossistemas mar\u00edtimos que VANESSA BARRAG\u00c3O procura inspira\u00e7\u00e3o para a cria\u00e7\u00e3o dos seus produtos. A artista t\u00eaxtil, a viver no Porto, p\u00f5e em pr\u00e1tica a reutiliza\u00e7\u00e3o de materiais t\u00eaxteis e a utiliza\u00e7\u00e3o e preserva\u00e7\u00e3o de t\u00e9cnicas artesanais ca\u00eddas em desuso devido \u00e0 massifica\u00e7\u00e3o da produ\u00e7\u00e3o industrial. Com mais de 18 mil seguidores no Instagram (@vanessabarragao_work), \u00e9 uma nova aposta da ind\u00fastria t\u00eaxtil nacional.<\/p>\n\n\n\n<p>LP: Como \u00e9 que nasceu a voca\u00e7\u00e3o pelo trabalho t\u00eaxtil? <\/p>\n\n\n\n<p>VB: Desde muito pequena que sempre adorei tecidos e linhas. Ver a minha m\u00e3e e av\u00f3s fazerem croch\u00ea, costura e arraiolos, talvez tenha feito crescer em mim esta vontade e paix\u00e3o pelos t\u00eaxteis e trabalhos artesanais. Neste momento produzo tape\u00e7arias de parede, feitas a partir de variadas t\u00e9cnicas artesanais, e tapetes, produzidos na t\u00e9cnica de tufado manual.<\/p>\n\n\n\n<p> LP: Qual a import\u00e2ncia para o seu trabalho da inspira\u00e7\u00e3o nos ecossistemas mar\u00edtimos?<\/p>\n\n\n\n<p> VB: Eu amo o mar, e os corais foram das coisas mais impressionantes e emocionantes que vi at\u00e9 hoje. . O oceano absorve cerca de 95% de toda a polui\u00e7\u00e3o presente na atmosfera, o que proporciona o aquecimento do mesmo. Os corais s\u00e3o animais muito sens\u00edveis e o aumento da temperatura das \u00e1guas faz com que eles percam as suas cores, ou seja, causa a sua morte. O meu trabalho foca-se essencialmente neste problema. Reciclar, reutilizar, tentar poluir o m\u00ednimo poss\u00edvel, \u00e9 o que procuro todos os dias, e \u00e9 essa a mensagem que procuro transmitir. Os corais n\u00e3o s\u00e3o s\u00f3 bonitos, s\u00e3o muito mais para al\u00e9m disso e n\u00f3s dependemos deles.<\/p>\n\n\n\n<p>LP: Que materiais utiliza para a confe\u00e7\u00e3o dos seus produtos?<\/p>\n\n\n\n<p>VB: Tanto as tape\u00e7arias como os tapetes s\u00e3o produzidos a partir de materiais reciclados, nomeadamente, l\u00e3, algod\u00e3o e seda bot\u00e2nica. Todos os materiais s\u00e3o conseguidos a partir de desperd\u00edcios e de fins de stock de f\u00e1bricas t\u00eaxteis. \u00c9 importante dar vida ao que supostamente seria considerado lixo. Este \u00e9 o lema do meu trabalho.<\/p>\n\n\n\n<div style=\"height:30px\" aria-hidden=\"true\" class=\"wp-block-spacer\"><\/div>\n\n\n\n<div style=\"height:30px\" aria-hidden=\"true\" class=\"wp-block-spacer\"><\/div>\n\n\n\n<div class=\"wp-block-image\"><figure class=\"aligncenter size-large\"><img loading=\"lazy\" decoding=\"async\" width=\"500\" height=\"281\" src=\"https:\/\/parqmag.com\/wp\/wp-content\/uploads\/2020\/08\/ocean-tapestry-creditos-de-vanessa-barragacc83o-studio-scaled_770x433_acf_cropped.jpg\" alt=\"\" class=\"wp-image-1315\" srcset=\"https:\/\/parqmag.com\/wp\/wp-content\/uploads\/2020\/08\/ocean-tapestry-creditos-de-vanessa-barragacc83o-studio-scaled_770x433_acf_cropped.jpg 500w, https:\/\/parqmag.com\/wp\/wp-content\/uploads\/2020\/08\/ocean-tapestry-creditos-de-vanessa-barragacc83o-studio-scaled_770x433_acf_cropped-300x169.jpg 300w, https:\/\/parqmag.com\/wp\/wp-content\/uploads\/2020\/08\/ocean-tapestry-creditos-de-vanessa-barragacc83o-studio-scaled_770x433_acf_cropped-480x270.jpg 480w\" sizes=\"auto, (max-width: 500px) 100vw, 500px\" \/><\/figure><\/div>\n\n\n\n<div style=\"height:30px\" aria-hidden=\"true\" class=\"wp-block-spacer\"><\/div>\n\n\n\n<div style=\"height:30px\" aria-hidden=\"true\" class=\"wp-block-spacer\"><\/div>\n\n\n\n<p>LP: Cada vez mais as redes sociais s\u00e3o uma poderosa ferramenta para a divulga\u00e7\u00e3o de marcas e produtos. Qual a sua opini\u00e3o sobre esta realidade?<\/p>\n\n\n\n<p> VB: Concordo completamente. As redes sociais s\u00e3o, sem d\u00favida, uma porta para o mundo. S\u00e3o, a meu ver, uma ferramenta indispens\u00e1vel no que toca \u00e0 divulga\u00e7\u00e3o de artistas. Espero continuar a crescer como nestes \u00faltimos dois anos. E, claro, conseguir chegar a mais mercados.<\/p>\n\n\n\n<p>LP: Se pudesse descrever os seus produtos em 3 palavras, quais seriam?<\/p>\n\n\n\n<p>VB: Sustent\u00e1vel, artesanal, sensibilizante.<\/p>\n\n\n\n<div style=\"height:50px\" aria-hidden=\"true\" class=\"wp-block-spacer\"><\/div>\n\n\n\n<div style=\"height:50px\" aria-hidden=\"true\" class=\"wp-block-spacer\"><\/div>\n\n\n<div class=\"wp-block-coblocks-social is-style-mask has-colors\" style=\" \"><ul><li>\n\t\t\t\t\t<a href=\"https:\/\/www.facebook.com\/sharer\/sharer.php?u=https:\/\/parqmag.com\/wp\/vanessa-barragao\/&#038;title=Vanessa%20Barrag\u00e3o\" class=\"wp-block-button__link wp-block-coblocks-social__button wp-block-coblocks-social__button--facebook     has-padding\" title=\"Share on Facebook\" style=\"border-radius: 40px;\">\n\t\t\t\t\t\t<span class=\"wp-block-coblocks-social__icon\" style=\"height:22px;width: 22px;\"><\/span>\n\t\t\t\t\t\t<span class=\"wp-block-coblocks-social__text\" style=\"\">Share on Facebook<\/span>\n\t\t\t\t\t<\/a>\n\t\t\t\t<\/li><li>\n\t\t\t\t\t<a href=\"http:\/\/twitter.com\/share?text=Vanessa%20Barrag\u00e3o&#038;url=https:\/\/parqmag.com\/wp\/vanessa-barragao\/\" class=\"wp-block-button__link wp-block-coblocks-social__button wp-block-coblocks-social__button--twitter     has-padding\" title=\"Share on Twitter\" style=\"border-radius: 40px;\">\n\t\t\t\t\t\t<span class=\"wp-block-coblocks-social__icon\" style=\"height:22px;width: 22px;\"><\/span>\n\t\t\t\t\t\t<span class=\"wp-block-coblocks-social__text\" style=\"\">Share on Twitter<\/span>\n\t\t\t\t\t<\/a>\n\t\t\t\t<\/li><li>\n\t\t\t\t\t<a href=\"https:\/\/pinterest.com\/pin\/create\/button\/?&#038;url=https:\/\/parqmag.com\/wp\/vanessa-barragao\/&#038;description=Vanessa%20Barrag\u00e3o&#038;media=https:\/\/parqmag.com\/wp\/wp-content\/uploads\/2020\/08\/Vanessa-Barrag\u00e3o-e1563983640462.jpg\" class=\"wp-block-button__link wp-block-coblocks-social__button wp-block-coblocks-social__button--pinterest     has-padding\" title=\"Share on Pinterest\" style=\"border-radius: 40px;\">\n\t\t\t\t\t\t<span class=\"wp-block-coblocks-social__icon\" style=\"height:22px;width: 22px;\"><\/span>\n\t\t\t\t\t\t<span class=\"wp-block-coblocks-social__text\" style=\"\">Share on Pinterest<\/span>\n\t\t\t\t\t<\/a>\n\t\t\t\t<\/li><\/ul><\/div>\n\n\n<div style=\"height:50px\" aria-hidden=\"true\" class=\"wp-block-spacer\"><\/div>\n\n\n\n<div style=\"height:50px\" aria-hidden=\"true\" class=\"wp-block-spacer\"><\/div>\n","protected":false},"excerpt":{"rendered":"<p> [&hellip;]<\/p>\n","protected":false},"author":4,"featured_media":1314,"comment_status":"closed","ping_status":"open","sticky":false,"template":"","format":"standard","meta":{"_coblocks_attr":"","_coblocks_dimensions":"","_coblocks_responsive_height":"","_coblocks_accordion_ie_support":"","footnotes":""},"categories":[12,4],"tags":[486,483,234,487,147,485,484,482],"class_list":["post-1312","post","type-post","status-publish","format-standard","has-post-thumbnail","hentry","category-arte","category-design","tag-artesanais","tag-corais","tag-liliana-pedro","tag-oceano","tag-parqmag","tag-reciclar","tag-reutilizacao","tag-vanessa-barragao"],"_links":{"self":[{"href":"https:\/\/parqmag.com\/wp\/wp-json\/wp\/v2\/posts\/1312","targetHints":{"allow":["GET"]}}],"collection":[{"href":"https:\/\/parqmag.com\/wp\/wp-json\/wp\/v2\/posts"}],"about":[{"href":"https:\/\/parqmag.com\/wp\/wp-json\/wp\/v2\/types\/post"}],"author":[{"embeddable":true,"href":"https:\/\/parqmag.com\/wp\/wp-json\/wp\/v2\/users\/4"}],"replies":[{"embeddable":true,"href":"https:\/\/parqmag.com\/wp\/wp-json\/wp\/v2\/comments?post=1312"}],"version-history":[{"count":4,"href":"https:\/\/parqmag.com\/wp\/wp-json\/wp\/v2\/posts\/1312\/revisions"}],"predecessor-version":[{"id":1319,"href":"https:\/\/parqmag.com\/wp\/wp-json\/wp\/v2\/posts\/1312\/revisions\/1319"}],"wp:featuredmedia":[{"embeddable":true,"href":"https:\/\/parqmag.com\/wp\/wp-json\/wp\/v2\/media\/1314"}],"wp:attachment":[{"href":"https:\/\/parqmag.com\/wp\/wp-json\/wp\/v2\/media?parent=1312"}],"wp:term":[{"taxonomy":"category","embeddable":true,"href":"https:\/\/parqmag.com\/wp\/wp-json\/wp\/v2\/categories?post=1312"},{"taxonomy":"post_tag","embeddable":true,"href":"https:\/\/parqmag.com\/wp\/wp-json\/wp\/v2\/tags?post=1312"}],"curies":[{"name":"wp","href":"https:\/\/api.w.org\/{rel}","templated":true}]}}