{"id":10479,"date":"2025-10-26T20:04:23","date_gmt":"2025-10-26T20:04:23","guid":{"rendered":"https:\/\/parqmag.com\/wp\/?p=10479"},"modified":"2025-10-27T11:20:49","modified_gmt":"2025-10-27T11:20:49","slug":"eleventy-smart-luxury-na-av-da-liberdade","status":"publish","type":"post","link":"https:\/\/parqmag.com\/wp\/eleventy-smart-luxury-na-av-da-liberdade\/","title":{"rendered":"Eleventy, smart luxury, na Av. da Liberdade"},"content":{"rendered":"\n<p><\/p>\n\n\n\n<div style=\"height:16px\" aria-hidden=\"true\" class=\"wp-block-spacer\"><\/div>\n\n\n\n<p><strong>fotografia de Joana Linda<\/strong><\/p>\n\n\n\n<p><\/p>\n\n\n\n<p>A <a href=\"https:\/\/parqmag.com\/wp\/?page_id=10486\" data-type=\"page\" data-id=\"10486\">Eleventy <\/a>inaugura a sua primeira <em>flagship store <\/em>no n\u00famero 266 da Avenida da Liberdade, no edif\u00edcio Di\u00e1rio de Not\u00edcias \u2013&nbsp;marco emblem\u00e1tico da arquitetura modernista portuguesa, projetado por Pardal Monteiro \u2013&nbsp;distinguido com o Pr\u00e9mio Valmor em 1940. S\u00edmbolo da vida cultural lisboeta ao longo de d\u00e9cadas, o espa\u00e7o renasce agora com um novo prop\u00f3sito e convida a cidade a redescobrir o seu patrim\u00f3nio<\/p>\n\n\n\n<figure class=\"wp-block-image size-full\"><img loading=\"lazy\" decoding=\"async\" width=\"666\" height=\"1000\" src=\"https:\/\/parqmag.com\/wp\/wp-content\/uploads\/2025\/10\/5-ELEVENTY-\u00a9JoanaLinda05710DSC05710.jpg\" alt=\"\" class=\"wp-image-10480\" srcset=\"https:\/\/parqmag.com\/wp\/wp-content\/uploads\/2025\/10\/5-ELEVENTY-\u00a9JoanaLinda05710DSC05710.jpg 666w, https:\/\/parqmag.com\/wp\/wp-content\/uploads\/2025\/10\/5-ELEVENTY-\u00a9JoanaLinda05710DSC05710-200x300.jpg 200w, https:\/\/parqmag.com\/wp\/wp-content\/uploads\/2025\/10\/5-ELEVENTY-\u00a9JoanaLinda05710DSC05710-480x721.jpg 480w\" sizes=\"auto, (max-width: 666px) 100vw, 666px\" \/><\/figure>\n\n\n\n<div style=\"height:100px\" aria-hidden=\"true\" class=\"wp-block-spacer\"><\/div>\n\n\n\n<p>Com 260 m\u00b2, a Eleventy Lisboa distribui-se em duas \u00e1reas distintas &#8211; a loja e o caf\u00e9-bar \u2013&nbsp;projetadas como um percurso cont\u00ednuo entre Moda, arte e gastronomia. O interior acolhe tr\u00eas frescos originais de Almada Negreiros, datados de 1939. A sua preserva\u00e7\u00e3o e integra\u00e7\u00e3o no projeto definem a identidade da nova <em>flagship store <\/em>da Eleventy Lisboa, que ambiciona transformar a experi\u00eancia de compra numa imers\u00e3o no universo da Eleventy. <\/p>\n\n\n\n<figure class=\"wp-block-image size-full\"><img loading=\"lazy\" decoding=\"async\" width=\"666\" height=\"1000\" src=\"https:\/\/parqmag.com\/wp\/wp-content\/uploads\/2025\/10\/ELEVENTY-\u00a9JoanaLinda05735DSC05735.jpg\" alt=\"\" class=\"wp-image-10487\" srcset=\"https:\/\/parqmag.com\/wp\/wp-content\/uploads\/2025\/10\/ELEVENTY-\u00a9JoanaLinda05735DSC05735.jpg 666w, https:\/\/parqmag.com\/wp\/wp-content\/uploads\/2025\/10\/ELEVENTY-\u00a9JoanaLinda05735DSC05735-200x300.jpg 200w, https:\/\/parqmag.com\/wp\/wp-content\/uploads\/2025\/10\/ELEVENTY-\u00a9JoanaLinda05735DSC05735-480x721.jpg 480w\" sizes=\"auto, (max-width: 666px) 100vw, 666px\" \/><\/figure>\n\n\n\n<div style=\"height:100px\" aria-hidden=\"true\" class=\"wp-block-spacer\"><\/div>\n\n\n\n<p>Na loja, a oferta \u00e9 focada sobretudo na moda masculina, embora inclua tamb\u00e9m propostas para mulher, mi\u00fados, casa e lifestyle. Todas as pe\u00e7as s\u00e3o produzidas em It\u00e1lia, em materiais nobres como a caxemira ou a vicu\u00f1a. A filosofia da marca assenta no conceito de luxo discreto, aposta no minimalismo, na qualidade e na intemporalidade. N\u00e3o h\u00e1 log\u00f3tipos em destaque, nem elementos exuberantes. Outro dos destaques \u00e9 o servi\u00e7o made to measure. Os clientes podem escolher tecidos e ajustar medidas diretamente na loja \u2014 seja para uma camisa branca, um blazer navy ou um fato completo. Depois, as pe\u00e7as s\u00e3o produzidas em It\u00e1lia.<\/p>\n\n\n\n<figure class=\"wp-block-image size-full\"><img loading=\"lazy\" decoding=\"async\" width=\"666\" height=\"1000\" src=\"https:\/\/parqmag.com\/wp\/wp-content\/uploads\/2025\/10\/2-ELEVENTY-\u00a9JoanaLinda05884DSC05884.jpg\" alt=\"\" class=\"wp-image-10481\" srcset=\"https:\/\/parqmag.com\/wp\/wp-content\/uploads\/2025\/10\/2-ELEVENTY-\u00a9JoanaLinda05884DSC05884.jpg 666w, https:\/\/parqmag.com\/wp\/wp-content\/uploads\/2025\/10\/2-ELEVENTY-\u00a9JoanaLinda05884DSC05884-200x300.jpg 200w, https:\/\/parqmag.com\/wp\/wp-content\/uploads\/2025\/10\/2-ELEVENTY-\u00a9JoanaLinda05884DSC05884-480x721.jpg 480w\" sizes=\"auto, (max-width: 666px) 100vw, 666px\" \/><\/figure>\n\n\n\n<div style=\"height:100px\" aria-hidden=\"true\" class=\"wp-block-spacer\"><\/div>\n\n\n\n<p>O projeto \u00e9 assinado pelo est\u00fadio Parisotto + Formenton Architetti, respons\u00e1vel por v\u00e1rios projetos internacionais da Eleventy. A interven\u00e7\u00e3o preserva a ess\u00eancia do edif\u00edcio e valoriza os seus elementos originais atrav\u00e9s de uma linguagem arquitect\u00f3nica sofisticada e intemporal. O uso predominante do travertino e da madeira de carvalho-claro estabelecem um di\u00e1logo harmonioso com os frescos de Almada Negreiros, proporcionando um equil\u00edbrio entre a heran\u00e7a cultural e o design, refletindo a filosofia de smart luxury que a Eleventy prop\u00f5e.<\/p>\n\n\n\n<figure class=\"wp-block-image size-full\"><img loading=\"lazy\" decoding=\"async\" width=\"666\" height=\"1000\" src=\"https:\/\/parqmag.com\/wp\/wp-content\/uploads\/2025\/10\/1-ELEVENTY-\u00a9JoanaLinda01250DSC01250.jpg\" alt=\"\" class=\"wp-image-10482\" srcset=\"https:\/\/parqmag.com\/wp\/wp-content\/uploads\/2025\/10\/1-ELEVENTY-\u00a9JoanaLinda01250DSC01250.jpg 666w, https:\/\/parqmag.com\/wp\/wp-content\/uploads\/2025\/10\/1-ELEVENTY-\u00a9JoanaLinda01250DSC01250-200x300.jpg 200w, https:\/\/parqmag.com\/wp\/wp-content\/uploads\/2025\/10\/1-ELEVENTY-\u00a9JoanaLinda01250DSC01250-480x721.jpg 480w\" sizes=\"auto, (max-width: 666px) 100vw, 666px\" \/><\/figure>\n\n\n\n<div style=\"height:100px\" aria-hidden=\"true\" class=\"wp-block-spacer\"><\/div>\n\n\n\n<p>Lisboa oferece autenticidade, sofistica\u00e7\u00e3o e energia criativa que se alinham profundamente com o esp\u00edrito da marca\u201d, afirmam Lurdes Cabral e Luca Nani, propriet\u00e1rios e fundadores da Eleventy Lisboa. \u201cEsta decis\u00e3o tem tamb\u00e9m uma dimens\u00e3o pessoal importante: eu sou portuguesa, o Luca \u00e9 italiano; partilhamos uma paix\u00e3o comum pela Moda e pela arte, e temos uma liga\u00e7\u00e3o especial com Lisboa \u2013 uma cidade que nos fascina pela sua hist\u00f3ria, pelo seu ambiente vibrante e pela sua cena cultural emergente. Apesar de termos considerado cidades como Madrid ou Barcelona, foi o v\u00ednculo afetivo a Portugal que definiu a nossa escolha\u201d, refor\u00e7a Lurdes Cabral.<\/p>\n\n\n\n<figure class=\"wp-block-image size-full\"><img loading=\"lazy\" decoding=\"async\" width=\"666\" height=\"1000\" src=\"https:\/\/parqmag.com\/wp\/wp-content\/uploads\/2025\/10\/3-ELEVENTY-\u00a9JoanaLinda05870DSC05870.jpg\" alt=\"\" class=\"wp-image-10483\" srcset=\"https:\/\/parqmag.com\/wp\/wp-content\/uploads\/2025\/10\/3-ELEVENTY-\u00a9JoanaLinda05870DSC05870.jpg 666w, https:\/\/parqmag.com\/wp\/wp-content\/uploads\/2025\/10\/3-ELEVENTY-\u00a9JoanaLinda05870DSC05870-200x300.jpg 200w, https:\/\/parqmag.com\/wp\/wp-content\/uploads\/2025\/10\/3-ELEVENTY-\u00a9JoanaLinda05870DSC05870-480x721.jpg 480w\" sizes=\"auto, (max-width: 666px) 100vw, 666px\" \/><\/figure>\n\n\n\n<div style=\"height:100px\" aria-hidden=\"true\" class=\"wp-block-spacer\"><\/div>\n\n\n\n<p>O caf\u00e9, integrado no mesmo espa\u00e7o, prop\u00f5em uma carta gastronomia desenvolvida pelo o conceituado chefe italiano Andrea Berton. Idealizado como um espa\u00e7o aberto \u00e0 cidade, o caf\u00e9 reflete a dimens\u00e3o art\u00edstica e de <em>lifestyle <\/em>da Eleventy, prometendo tornar-se um dos novos lugares a descobrir em Lisboa.<\/p>\n\n\n\n<figure class=\"wp-block-image size-full\"><img loading=\"lazy\" decoding=\"async\" width=\"666\" height=\"1000\" src=\"https:\/\/parqmag.com\/wp\/wp-content\/uploads\/2025\/10\/4-ELEVENTY-\u00a9JoanaLinda05763DSC05763.jpg\" alt=\"\" class=\"wp-image-10484\" srcset=\"https:\/\/parqmag.com\/wp\/wp-content\/uploads\/2025\/10\/4-ELEVENTY-\u00a9JoanaLinda05763DSC05763.jpg 666w, https:\/\/parqmag.com\/wp\/wp-content\/uploads\/2025\/10\/4-ELEVENTY-\u00a9JoanaLinda05763DSC05763-200x300.jpg 200w, https:\/\/parqmag.com\/wp\/wp-content\/uploads\/2025\/10\/4-ELEVENTY-\u00a9JoanaLinda05763DSC05763-480x721.jpg 480w\" sizes=\"auto, (max-width: 666px) 100vw, 666px\" \/><\/figure>\n\n\n\n<div style=\"height:100px\" aria-hidden=\"true\" class=\"wp-block-spacer\"><\/div>\n\n\n\n<p>A Eleventy foi fundada em Mil\u00e3o em 2007 por Marco Baldassari e Paolo Zuntini e 2009 a marca solidifica-se com a entrada de Andrea Scuderi. A Eleventy desenvolve uma vis\u00e3o de <em>smart luxury <\/em>centrada na funcionalidade, no rigor e na intemporalidade. As cole\u00e7\u00f5es nascem de uma filosofia que destaca a eleg\u00e2ncia discreta, desenhada para acompanhar o ritmo e a complexidade da vida contempor\u00e2nea. A marca trabalha exclusivamente com produ\u00e7\u00e3o e materiais naturais italianos, focando na qualidade e assegurando uma rela\u00e7\u00e3o fiel com os processos de produ\u00e7\u00e3o tradicionais.<\/p>\n\n\n\n<figure class=\"wp-block-image size-full\"><img loading=\"lazy\" decoding=\"async\" width=\"1000\" height=\"666\" src=\"https:\/\/parqmag.com\/wp\/wp-content\/uploads\/2025\/10\/6-ELEVENTY-\u00a9JoanaLinda05828DSC05828.jpg\" alt=\"\" class=\"wp-image-10485\" srcset=\"https:\/\/parqmag.com\/wp\/wp-content\/uploads\/2025\/10\/6-ELEVENTY-\u00a9JoanaLinda05828DSC05828.jpg 1000w, https:\/\/parqmag.com\/wp\/wp-content\/uploads\/2025\/10\/6-ELEVENTY-\u00a9JoanaLinda05828DSC05828-300x200.jpg 300w, https:\/\/parqmag.com\/wp\/wp-content\/uploads\/2025\/10\/6-ELEVENTY-\u00a9JoanaLinda05828DSC05828-768x511.jpg 768w, https:\/\/parqmag.com\/wp\/wp-content\/uploads\/2025\/10\/6-ELEVENTY-\u00a9JoanaLinda05828DSC05828-480x320.jpg 480w\" sizes=\"auto, (max-width: 1000px) 100vw, 1000px\" \/><\/figure>\n\n\n\n<div style=\"height:100px\" aria-hidden=\"true\" class=\"wp-block-spacer\"><\/div>\n\n\n\n<p> A eleventy est\u00e1 presente em 30 pa\u00edses, atrav\u00e9s de uma rede de lojas pr\u00f3prias em cidades como Mil\u00e3o, Nova Iorque, Paris, T\u00f3quio, Seul e Dubai. <\/p>\n\n\n\n<div style=\"height:100px\" aria-hidden=\"true\" class=\"wp-block-spacer\"><\/div>\n\n\n\n<p><strong>Eleventy Lisboa<\/strong><\/p>\n\n\n\n<p><em>Avenida da Liberdade, n\u00ba 266 Lisboa (Edif\u00edcio Di\u00e1rio de Not\u00edcias)<\/em><\/p>\n\n\n\n<div style=\"height:100px\" aria-hidden=\"true\" class=\"wp-block-spacer\"><\/div>\n","protected":false},"excerpt":{"rendered":"<p> [&hellip;]<\/p>\n","protected":false},"author":3,"featured_media":10481,"comment_status":"closed","ping_status":"open","sticky":false,"template":"","format":"standard","meta":{"_coblocks_attr":"","_coblocks_dimensions":"","_coblocks_responsive_height":"","_coblocks_accordion_ie_support":"","footnotes":""},"categories":[13],"tags":[4372,4370,4371,4368,269,38,4373,4374,22,147,4369],"class_list":["post-10479","post","type-post","status-publish","format-standard","has-post-thumbnail","hentry","category-moda","tag-alamada-negreiros","tag-av-da-liberdade-2","tag-edificio-diaario-de-noticias","tag-eleventy","tag-lisboa","tag-moda","tag-modernismo","tag-pardal-monteiro","tag-parq","tag-parqmag","tag-smart-luxury"],"_links":{"self":[{"href":"https:\/\/parqmag.com\/wp\/wp-json\/wp\/v2\/posts\/10479","targetHints":{"allow":["GET"]}}],"collection":[{"href":"https:\/\/parqmag.com\/wp\/wp-json\/wp\/v2\/posts"}],"about":[{"href":"https:\/\/parqmag.com\/wp\/wp-json\/wp\/v2\/types\/post"}],"author":[{"embeddable":true,"href":"https:\/\/parqmag.com\/wp\/wp-json\/wp\/v2\/users\/3"}],"replies":[{"embeddable":true,"href":"https:\/\/parqmag.com\/wp\/wp-json\/wp\/v2\/comments?post=10479"}],"version-history":[{"count":2,"href":"https:\/\/parqmag.com\/wp\/wp-json\/wp\/v2\/posts\/10479\/revisions"}],"predecessor-version":[{"id":10490,"href":"https:\/\/parqmag.com\/wp\/wp-json\/wp\/v2\/posts\/10479\/revisions\/10490"}],"wp:featuredmedia":[{"embeddable":true,"href":"https:\/\/parqmag.com\/wp\/wp-json\/wp\/v2\/media\/10481"}],"wp:attachment":[{"href":"https:\/\/parqmag.com\/wp\/wp-json\/wp\/v2\/media?parent=10479"}],"wp:term":[{"taxonomy":"category","embeddable":true,"href":"https:\/\/parqmag.com\/wp\/wp-json\/wp\/v2\/categories?post=10479"},{"taxonomy":"post_tag","embeddable":true,"href":"https:\/\/parqmag.com\/wp\/wp-json\/wp\/v2\/tags?post=10479"}],"curies":[{"name":"wp","href":"https:\/\/api.w.org\/{rel}","templated":true}]}}